{"id":12758,"date":"2020-05-21T15:53:38","date_gmt":"2020-05-21T13:53:38","guid":{"rendered":"http:\/\/www.elgoibarmusika.eus\/?p=12758"},"modified":"2020-06-05T17:54:59","modified_gmt":"2020-06-05T15:54:59","slug":"vuelta-a-las-clases-presenciales","status":"publish","type":"post","link":"http:\/\/www.elgoibarmusika.eus\/es\/vuelta-a-las-clases-presenciales\/","title":{"rendered":"Vuelta a las clases presenciales"},"content":{"rendered":"<p>El pr\u00f3ximo lunes (25 de mayo) es muy probable que entremos en la 2\u00aa fase de la desescalada, y por tanto, manteniendo las medidas de seguridad recomendadas por el gobierno tendremos el permiso para reabrir la Musika Eskola.<\/p>\n<p>La direcci\u00f3n del centro ha analizado la situaci\u00f3n desde diferentes puntos de vista, estudiando los pros y contras. Ha contrastado informaci\u00f3n con profesionales externos\u00a0 y finalmente considera que estamos en condiciones de reanudar las clases presenciales.<\/p>\n<p>Para que la vuelta a las clases se haga de una manera ordenada y se pueda asegurar la seguridad tanto del profesorado como del alumnado, hemos planteado una especie de desescalada aplicada a nuestro funcionamiento.<\/p>\n<p>A partir del 25 de mayo comenzaremos con las clases individuales presenciales en los siguientes casos:<\/p>\n<p>\u00a0\u00a0\u00a0\u00a0\u00a0\u00a0\u00a0\u00a0\u00a0\u00a0\u00a0 &#8211; Alumnos a partir de 14 a\u00f1os (los nacidos en el 2006 incluidos).<\/p>\n<p>\u00a0\u00a0\u00a0\u00a0\u00a0\u00a0\u00a0\u00a0\u00a0\u00a0\u00a0 &#8211; Aquellos alumnos que no tengan instrumento en casa.<\/p>\n<p>Para ello tanto el profesor como el alumno deben estar dispuestos a retomar las clases presenciales.<\/p>\n<p>Cada profesor se pondr\u00e1 en contacto con sus alumnos. De todas maneras, algunos profesores no podr\u00e1n impartir las clases presencialmente siguiendo los consejos sanitarios generales.<\/p>\n<p>En resumen, estos alumnos tendr\u00e1n la posibilidad de retomar las clases presencialmente pero no se obligar\u00e1 a nadie ha hacerlo. El alumno elegir\u00e1 entre asistir a clase en la Musika Eskola o como hasta ahora, telem\u00e1ticamente.<\/p>\n<p>En el resto de casos (clases grupales, alumnos menores de 14 a\u00f1os\u2026) se seguir\u00e1 como hasta ahora, de manera telem\u00e1tica.<\/p>\n<p>Esta decisi\u00f3n ha sido tomada analizando la situaci\u00f3n actual. Durante los pr\u00f3ximos d\u00edas\/semanas seguiremos estudiando la evoluci\u00f3n, y las futuras decisiones estar\u00e1n supeditadas a este an\u00e1lisis.<\/p>\n","protected":false},"excerpt":{"rendered":"<p>El pr\u00f3ximo lunes (25 de mayo) es muy probable que entremos en la 2\u00aa fase de la desescalada, y por [&hellip;]<\/p>\n","protected":false},"author":1,"featured_media":5947,"comment_status":"closed","ping_status":"closed","sticky":false,"template":"","format":"standard","meta":{"_acf_changed":false,"footnotes":""},"categories":[3],"tags":[],"class_list":["post-12758","post","type-post","status-publish","format-standard","has-post-thumbnail","hentry","category-noticias"],"acf":[],"_links":{"self":[{"href":"http:\/\/www.elgoibarmusika.eus\/es\/wp-json\/wp\/v2\/posts\/12758","targetHints":{"allow":["GET"]}}],"collection":[{"href":"http:\/\/www.elgoibarmusika.eus\/es\/wp-json\/wp\/v2\/posts"}],"about":[{"href":"http:\/\/www.elgoibarmusika.eus\/es\/wp-json\/wp\/v2\/types\/post"}],"author":[{"embeddable":true,"href":"http:\/\/www.elgoibarmusika.eus\/es\/wp-json\/wp\/v2\/users\/1"}],"replies":[{"embeddable":true,"href":"http:\/\/www.elgoibarmusika.eus\/es\/wp-json\/wp\/v2\/comments?post=12758"}],"version-history":[{"count":1,"href":"http:\/\/www.elgoibarmusika.eus\/es\/wp-json\/wp\/v2\/posts\/12758\/revisions"}],"predecessor-version":[{"id":12759,"href":"http:\/\/www.elgoibarmusika.eus\/es\/wp-json\/wp\/v2\/posts\/12758\/revisions\/12759"}],"wp:featuredmedia":[{"embeddable":true,"href":"http:\/\/www.elgoibarmusika.eus\/es\/wp-json\/wp\/v2\/media\/5947"}],"wp:attachment":[{"href":"http:\/\/www.elgoibarmusika.eus\/es\/wp-json\/wp\/v2\/media?parent=12758"}],"wp:term":[{"taxonomy":"category","embeddable":true,"href":"http:\/\/www.elgoibarmusika.eus\/es\/wp-json\/wp\/v2\/categories?post=12758"},{"taxonomy":"post_tag","embeddable":true,"href":"http:\/\/www.elgoibarmusika.eus\/es\/wp-json\/wp\/v2\/tags?post=12758"}],"curies":[{"name":"wp","href":"https:\/\/api.w.org\/{rel}","templated":true}]}}