{"id":13393,"date":"2024-05-10T17:56:37","date_gmt":"2024-05-10T15:56:37","guid":{"rendered":"http:\/\/www.elgoibarmusika.eus\/?p=13393"},"modified":"2024-05-10T17:56:37","modified_gmt":"2024-05-10T15:56:37","slug":"la-escuela-de-musica-cumple-40-anos","status":"publish","type":"post","link":"http:\/\/www.elgoibarmusika.eus\/es\/la-escuela-de-musica-cumple-40-anos\/","title":{"rendered":"La Escuela de M\u00fasica cumple 40 a\u00f1os"},"content":{"rendered":"<p>En mayo de 1984 un grupo de padres y madres pusieron en marcha la escuela de m\u00fasica Inazio Bereziartua. En aquel entonces comenzaron con 300 alumnos y 13 profesores.<\/p>\n<p>Han pasado 40 a\u00f1os, 40 a\u00f1os formando a m\u00fasicos y a dantzaris; 40 a\u00f1os llenando la localidad de Elgoibar de m\u00fasica y de dantza. Hoy en d\u00eda, con mas de 600 alumnos y 25 profesores, con m\u00e1s ganas que nunca y adapt\u00e1ndonos a los nuevos tiempos, seguimos trabajando desde el n\u00facleo del \u00e1mbito cultural de Elgoibar\u00a0<\/p>\n<p>Para celebrar el 40 aniversario, hemos preparado un mont\u00f3n de actividades y conciertos para este final de curso. A continuaci\u00f3n encontrar\u00e9is toda la programaci\u00f3n:<\/p>\n<ul>\n<li>3 de mayo, a partir de las 17:30: ERROMERIA FAMILIAN<\/li>\n<\/ul>\n<p>Hemos organizado una romer\u00eda en el barrio de Azkue dirigida a las familias, junto a nuestros compa\u00f1eros de Atxutxiamaika y la Ludoteka.<\/p>\n<ul>\n<li>10 de mayo, a las 19:30: DANTZARI BAKARLARIEN EMANALDIA<\/li>\n<\/ul>\n<p>Los alumnos de danza que durante este curso han estado preparando y participando en concursos nos ofrecer\u00e1n una exhibici\u00f3n en Kalegoen plaza.<\/p>\n<ul>\n<li>16 de mayo a las 18:oo: 5-6-7 URTEKO IKASLEEN EMANALDIA.<\/li>\n<\/ul>\n<p>Actuaci\u00f3n de los alumnos m\u00e1s peque\u00f1os de nuestra escuela. La entrada ser\u00e1 libre y puede ser una muy buena opci\u00f3n para que los padres que matricular\u00e1n a sus hijos\/as en el curso que viene se hagan\u00a0 una idea del trabajo que realizamos con esas edades.<\/p>\n<ul>\n<li>23 de mayo, a las 18:00: KONTZERTU IBILTARIA.<\/li>\n<\/ul>\n<p>Saldermos de la puerta de la Escuela de M\u00fasica en pasacalle junto a la txaranga BetiSua, y tendremos la oportunidad de disfrutar de mini-conciertos en distintos puntos de la localidad.<\/p>\n<ul>\n<li>24 de mayo, a las 22:00: MUSIKA GAUA<\/li>\n<\/ul>\n<p>Ser\u00e1 la primera vez que la Escuela organiza un concierto nocturno. En \u00e9l actuar\u00e1n el combo de Rock de la Escuela y La BetiSua Big Band. Hemos preparado un repertorio muy atractivo y ser\u00e1 una buen espect\u00e1culo para dar comienzo a las fiestas de Trinidad.<\/p>\n<ul>\n<li>26 de mayo, a las 12:00: TAMBORRADA INFANTIL<\/li>\n<\/ul>\n<p>Como es tradici\u00f3n cientos de ni\u00f1os saldr\u00e1n con tambores y barriles acompa\u00f1ados de la Gazteen Banda dentro de las fiestas de Trinidad.<\/p>\n<ul>\n<li>30 de mayo, a las 19:00: CONCIERTO DE LOS ALUMNOS DE CORO<\/li>\n<\/ul>\n<p>Los alumnos de coro de 1\u00ba, 2\u00ba y cos coros Korunahia y Gaztenahia ofreceran un concierto en el Herriko antzokia acompa\u00f1ados de m\u00fasicos de la Escuela. Adem\u00e1s tendremos la oportunidad de ver el v\u00eddeo resumen de nuestra estancia en Barria.<\/p>\n<ul>\n<li>10 de junio, a las 19:00: COCIERTO DE FIN DE CURSO EN EL AUDITORIO DE LA ESCUELA DE M\u00daSICA.<\/li>\n<\/ul>\n<p>Tal y como hacemos al final de cada evaluaci\u00f3n, distintos grupos instrumentales y solistas ofrecer\u00e1n un variado concierto en el Auditorio de la Escuela de M\u00fasica.<\/p>\n<ul>\n<li>13 de junio, a las 19:00: CONCIERTO DE FIN DE CURSO EN EL HERRIKO ANTZOKIA<\/li>\n<\/ul>\n<p>En este concierto participaran los grupos m\u00e1s grandes de la Escuela, como la Gazteen Banda o el conjunto de cuerdas. Tambi\u00e9n participar\u00e1n todos los grupos de 60+ disfrutando con la m\u00fasica.<\/p>\n<ul>\n<li>14 de junio, a las 19:00: FESTIVAL DE DANTZA\u00a0<\/li>\n<\/ul>\n<p>Para terminar con las actividades ocuparemos la plaza Kalegoen para ofrecer un espect\u00e1culo de dantza donde se mostrar\u00e1n los bailes tradicionales de distintos puntos de Euskal Herria.<\/p>\n","protected":false},"excerpt":{"rendered":"<p>En mayo de 1984 un grupo de padres y madres pusieron en marcha la escuela de m\u00fasica Inazio Bereziartua. En [&hellip;]<\/p>\n","protected":false},"author":1,"featured_media":13388,"comment_status":"closed","ping_status":"closed","sticky":true,"template":"","format":"standard","meta":{"_acf_changed":false,"footnotes":""},"categories":[3],"tags":[],"class_list":["post-13393","post","type-post","status-publish","format-standard","has-post-thumbnail","hentry","category-noticias"],"acf":[],"_links":{"self":[{"href":"http:\/\/www.elgoibarmusika.eus\/es\/wp-json\/wp\/v2\/posts\/13393","targetHints":{"allow":["GET"]}}],"collection":[{"href":"http:\/\/www.elgoibarmusika.eus\/es\/wp-json\/wp\/v2\/posts"}],"about":[{"href":"http:\/\/www.elgoibarmusika.eus\/es\/wp-json\/wp\/v2\/types\/post"}],"author":[{"embeddable":true,"href":"http:\/\/www.elgoibarmusika.eus\/es\/wp-json\/wp\/v2\/users\/1"}],"replies":[{"embeddable":true,"href":"http:\/\/www.elgoibarmusika.eus\/es\/wp-json\/wp\/v2\/comments?post=13393"}],"version-history":[{"count":1,"href":"http:\/\/www.elgoibarmusika.eus\/es\/wp-json\/wp\/v2\/posts\/13393\/revisions"}],"predecessor-version":[{"id":13394,"href":"http:\/\/www.elgoibarmusika.eus\/es\/wp-json\/wp\/v2\/posts\/13393\/revisions\/13394"}],"wp:featuredmedia":[{"embeddable":true,"href":"http:\/\/www.elgoibarmusika.eus\/es\/wp-json\/wp\/v2\/media\/13388"}],"wp:attachment":[{"href":"http:\/\/www.elgoibarmusika.eus\/es\/wp-json\/wp\/v2\/media?parent=13393"}],"wp:term":[{"taxonomy":"category","embeddable":true,"href":"http:\/\/www.elgoibarmusika.eus\/es\/wp-json\/wp\/v2\/categories?post=13393"},{"taxonomy":"post_tag","embeddable":true,"href":"http:\/\/www.elgoibarmusika.eus\/es\/wp-json\/wp\/v2\/tags?post=13393"}],"curies":[{"name":"wp","href":"https:\/\/api.w.org\/{rel}","templated":true}]}}